{"id":2655,"date":"2024-10-23T12:20:17","date_gmt":"2024-10-23T19:20:17","guid":{"rendered":"https:\/\/donation2charity.com\/spanish\/?p=2655"},"modified":"2024-10-23T12:25:54","modified_gmt":"2024-10-23T19:25:54","slug":"como-la-educacion-personalizada-empodera-a-los-ninos-con-autismo-para-prosperar","status":"publish","type":"post","link":"https:\/\/donation2charity.com\/spanish\/como-la-educacion-personalizada-empodera-a-los-ninos-con-autismo-para-prosperar\/","title":{"rendered":"C\u00f3mo la Educaci\u00f3n Personalizada Empodera a los Ni\u00f1os con Autismo para Prosperar"},"content":{"rendered":"\t\t<div data-elementor-type=\"wp-post\" data-elementor-id=\"2655\" class=\"elementor elementor-2655\" data-elementor-post-type=\"post\">\n\t\t\t\t<div data-dce-background-image-url=\"https:\/\/donation2charity.com\/spanish\/wp-content\/uploads\/2024\/10\/tailored-education1.jpg\" class=\"elementor-element elementor-element-5e8516c e-flex e-con-boxed e-con e-parent\" data-id=\"5e8516c\" data-element_type=\"container\" data-e-type=\"container\" data-settings=\"{&quot;background_background&quot;:&quot;classic&quot;,&quot;shape_divider_bottom&quot;:&quot;tilt&quot;}\">\n\t\t\t\t\t<div class=\"e-con-inner\">\n\t\t\t\t<div class=\"elementor-shape elementor-shape-bottom\" aria-hidden=\"true\" data-negative=\"false\">\n\t\t\t<svg xmlns=\"http:\/\/www.w3.org\/2000\/svg\" viewBox=\"0 0 1000 100\" preserveAspectRatio=\"none\">\n\t<path class=\"elementor-shape-fill\" d=\"M0,6V0h1000v100L0,6z\"\/>\n<\/svg>\t\t<\/div>\n\t\t<div class=\"elementor-element elementor-element-c00bccd e-con-full e-flex e-con e-child\" data-id=\"c00bccd\" data-element_type=\"container\" data-e-type=\"container\">\n\t\t\t\t<div class=\"elementor-element elementor-element-8a62062 elementor-widget-divider--view-line_text elementor-widget-divider--element-align-right elementor-invisible elementor-widget elementor-widget-divider\" data-id=\"8a62062\" data-element_type=\"widget\" data-e-type=\"widget\" data-settings=\"{&quot;_animation&quot;:&quot;fadeInUp&quot;}\" data-widget_type=\"divider.default\">\n\t\t\t\t<div class=\"elementor-widget-container\">\n\t\t\t\t\t\t\t<div class=\"elementor-divider\">\n\t\t\t<span class=\"elementor-divider-separator\">\n\t\t\t\t\t\t\t<span class=\"elementor-divider__text elementor-divider__element\">\n\t\t\t\tDesbloqueando el Potencial\t\t\t\t<\/span>\n\t\t\t\t\t\t<\/span>\n\t\t<\/div>\n\t\t\t\t\t\t<\/div>\n\t\t\t\t<\/div>\n\t\t\t\t<div class=\"elementor-element elementor-element-cfaadb0 elementor-invisible elementor-widget elementor-widget-heading\" data-id=\"cfaadb0\" data-element_type=\"widget\" data-e-type=\"widget\" data-settings=\"{&quot;_animation&quot;:&quot;fadeInUp&quot;,&quot;_animation_delay&quot;:200}\" data-widget_type=\"heading.default\">\n\t\t\t\t<div class=\"elementor-widget-container\">\n\t\t\t\t\t<h1 class=\"elementor-heading-title elementor-size-default\">C\u00f3mo la Educaci\u00f3n Personalizada Empodera a los Ni\u00f1os con Autismo para Prosperar<\/h1>\t\t\t\t<\/div>\n\t\t\t\t<\/div>\n\t\t\t\t<\/div>\n\t\t\t\t\t<\/div>\n\t\t\t\t<\/div>\n\t\t<div class=\"elementor-element elementor-element-eb9abc8 e-flex e-con-boxed e-con e-parent\" data-id=\"eb9abc8\" data-element_type=\"container\" data-e-type=\"container\">\n\t\t\t\t\t<div class=\"e-con-inner\">\n\t\t<div class=\"elementor-element elementor-element-6e0c85c e-con-full e-flex e-con e-child\" data-id=\"6e0c85c\" data-element_type=\"container\" data-e-type=\"container\">\n\t\t\t\t<div class=\"elementor-element elementor-element-1316832 elementor-widget elementor-widget-image\" data-id=\"1316832\" data-element_type=\"widget\" data-e-type=\"widget\" data-widget_type=\"image.default\">\n\t\t\t\t<div class=\"elementor-widget-container\">\n\t\t\t\t\t\t\t\t\t\t\t\t\t\t\t<img fetchpriority=\"high\" decoding=\"async\" width=\"1000\" height=\"600\" src=\"https:\/\/donation2charity.com\/spanish\/wp-content\/uploads\/2024\/10\/tailored-education6.jpg\" class=\"attachment-full size-full wp-image-2662\" alt=\"Children Participating in Classroom\" srcset=\"https:\/\/donation2charity.com\/spanish\/wp-content\/uploads\/2024\/10\/tailored-education6.jpg 1000w, https:\/\/donation2charity.com\/spanish\/wp-content\/uploads\/2024\/10\/tailored-education6-300x180.jpg 300w, https:\/\/donation2charity.com\/spanish\/wp-content\/uploads\/2024\/10\/tailored-education6-768x461.jpg 768w\" sizes=\"(max-width: 1000px) 100vw, 1000px\" \/>\t\t\t\t\t\t\t\t\t\t\t\t\t\t\t<\/div>\n\t\t\t\t<\/div>\n\t\t\t\t<div class=\"elementor-element elementor-element-a679c9b elementor-drop-cap-yes elementor-drop-cap-view-default elementor-widget elementor-widget-text-editor\" data-id=\"a679c9b\" data-element_type=\"widget\" data-e-type=\"widget\" data-settings=\"{&quot;drop_cap&quot;:&quot;yes&quot;}\" data-widget_type=\"text-editor.default\">\n\t\t\t\t<div class=\"elementor-widget-container\">\n\t\t\t\t\t\t\t\t\t<p>Cada ni\u00f1o posee un conjunto \u00fanico de fortalezas, desaf\u00edos y potencial. Para los ni\u00f1os en el espectro autista, esta individualidad es particularmente pronunciada. El Trastorno del Espectro Autista (TEA) abarca una amplia gama de habilidades y caracter\u00edsticas, lo que hace que un enfoque educativo \u00fanico para todos sea ineficaz. En cambio, una educaci\u00f3n personalizada, que considere las necesidades, fortalezas e intereses espec\u00edficos de cada ni\u00f1o, puede desbloquear el potencial de los ni\u00f1os con autismo, empoder\u00e1ndolos para prosperar tanto acad\u00e9micamente como personalmente.<\/p>\t\t\t\t\t\t\t\t<\/div>\n\t\t\t\t<\/div>\n\t\t\t\t<div class=\"elementor-element elementor-element-25b9212 elementor-widget elementor-widget-heading\" data-id=\"25b9212\" data-element_type=\"widget\" data-e-type=\"widget\" data-widget_type=\"heading.default\">\n\t\t\t\t<div class=\"elementor-widget-container\">\n\t\t\t\t\t<h2 class=\"elementor-heading-title elementor-size-default\">Entendiendo el Autismo y la Necesidad de una Educaci\u00f3n Personalizada<\/h2>\t\t\t\t<\/div>\n\t\t\t\t<\/div>\n\t\t\t\t<div class=\"elementor-element elementor-element-9ac5d23 elementor-widget elementor-widget-text-editor\" data-id=\"9ac5d23\" data-element_type=\"widget\" data-e-type=\"widget\" data-widget_type=\"text-editor.default\">\n\t\t\t\t<div class=\"elementor-widget-container\">\n\t\t\t\t\t\t\t\t\t<p>El Trastorno del Espectro Autista afecta a cada ni\u00f1o de manera diferente, a menudo impactando la comunicaci\u00f3n, las interacciones sociales y el comportamiento. Algunos ni\u00f1os con autismo pueden ser no verbales, mientras que otros pueden tener habilidades ling\u00fc\u00edsticas altamente desarrolladas pero luchar con las se\u00f1ales sociales. Las sensibilidades sensoriales, los comportamientos repetitivos y los estilos de aprendizaje \u00fanicos tambi\u00e9n son comunes entre los ni\u00f1os en el espectro. Dada esta diversidad, es esencial que los educadores y padres reconozcan la necesidad de estrategias de aprendizaje personalizadas que se alineen con las necesidades particulares de cada ni\u00f1o.<\/p><p>Los modelos educativos tradicionales a menudo no logran satisfacer las necesidades de los ni\u00f1os con autismo. Estos modelos tienden a priorizar la uniformidad, con planes de estudio y m\u00e9todos de ense\u00f1anza est\u00e1ndar que no acomodan las diferentes maneras en que los ni\u00f1os con autismo procesan la informaci\u00f3n e interact\u00faan con el mundo. Como resultado, muchos ni\u00f1os con autismo pueden sentirse abrumados, incomprendidos o rezagados en entornos escolares tradicionales.<\/p>\t\t\t\t\t\t\t\t<\/div>\n\t\t\t\t<\/div>\n\t\t\t\t<div class=\"elementor-element elementor-element-85dbbe7 elementor-widget elementor-widget-image\" data-id=\"85dbbe7\" data-element_type=\"widget\" data-e-type=\"widget\" data-widget_type=\"image.default\">\n\t\t\t\t<div class=\"elementor-widget-container\">\n\t\t\t\t\t\t\t\t\t\t\t\t\t\t\t<img decoding=\"async\" width=\"800\" height=\"480\" src=\"https:\/\/donation2charity.com\/spanish\/wp-content\/uploads\/2024\/10\/tailored-education7.jpg\" class=\"attachment-large size-large wp-image-2661\" alt=\"Teacher and Student Painting\" srcset=\"https:\/\/donation2charity.com\/spanish\/wp-content\/uploads\/2024\/10\/tailored-education7.jpg 1000w, https:\/\/donation2charity.com\/spanish\/wp-content\/uploads\/2024\/10\/tailored-education7-300x180.jpg 300w, https:\/\/donation2charity.com\/spanish\/wp-content\/uploads\/2024\/10\/tailored-education7-768x461.jpg 768w\" sizes=\"(max-width: 800px) 100vw, 800px\" \/>\t\t\t\t\t\t\t\t\t\t\t\t\t\t\t<\/div>\n\t\t\t\t<\/div>\n\t\t\t\t<div class=\"elementor-element elementor-element-f59847d elementor-widget elementor-widget-heading\" data-id=\"f59847d\" data-element_type=\"widget\" data-e-type=\"widget\" data-widget_type=\"heading.default\">\n\t\t\t\t<div class=\"elementor-widget-container\">\n\t\t\t\t\t<h2 class=\"elementor-heading-title elementor-size-default\">El Poder de las Estrategias de Aprendizaje Personalizadas<\/h2>\t\t\t\t<\/div>\n\t\t\t\t<\/div>\n\t\t\t\t<div class=\"elementor-element elementor-element-2ae510b elementor-widget elementor-widget-text-editor\" data-id=\"2ae510b\" data-element_type=\"widget\" data-e-type=\"widget\" data-widget_type=\"text-editor.default\">\n\t\t\t\t<div class=\"elementor-widget-container\">\n\t\t\t\t\t\t\t\t\t<p>Las estrategias de aprendizaje personalizadas est\u00e1n dise\u00f1adas para atender las necesidades individuales de cada ni\u00f1o, haciendo que la educaci\u00f3n sea m\u00e1s accesible, atractiva y efectiva. Para los ni\u00f1os con autismo, estas estrategias pueden ser transformadoras, ayud\u00e1ndolos a superar desaf\u00edos y alcanzar su m\u00e1ximo potencial. Aqu\u00ed hay varias maneras en las que la educaci\u00f3n personalizada puede marcar una diferencia significativa:<\/p>\t\t\t\t\t\t\t\t<\/div>\n\t\t\t\t<\/div>\n\t\t\t\t<div class=\"elementor-element elementor-element-a8405ae elementor-widget elementor-widget-heading\" data-id=\"a8405ae\" data-element_type=\"widget\" data-e-type=\"widget\" data-widget_type=\"heading.default\">\n\t\t\t\t<div class=\"elementor-widget-container\">\n\t\t\t\t\t<h4 class=\"elementor-heading-title elementor-size-default\">1.\tProgramas de Educaci\u00f3n Individualizados (IEPs)<\/h4>\t\t\t\t<\/div>\n\t\t\t\t<\/div>\n\t\t\t\t<div class=\"elementor-element elementor-element-50047ba elementor-widget elementor-widget-text-editor\" data-id=\"50047ba\" data-element_type=\"widget\" data-e-type=\"widget\" data-widget_type=\"text-editor.default\">\n\t\t\t\t<div class=\"elementor-widget-container\">\n\t\t\t\t\t\t\t\t\t<p>Un Programa de Educaci\u00f3n Individualizado (IEP, por sus siglas en ingl\u00e9s) es una piedra angular de la educaci\u00f3n personalizada para ni\u00f1os con autismo. Un IEP es un documento legalmente vinculante que describe objetivos educativos espec\u00edficos para el ni\u00f1o y detalla los servicios especiales y las adaptaciones que recibir\u00e1. Estos planes se desarrollan de manera colaborativa entre educadores, padres y especialistas, asegurando que se aborden las necesidades \u00fanicas del ni\u00f1o.<br \/><br \/>Los IEPs permiten a los educadores establecer metas realistas y alcanzables que se alineen con las fortalezas y desaf\u00edos del ni\u00f1o. Por ejemplo, un ni\u00f1o que lucha con la comunicaci\u00f3n verbal puede tener objetivos relacionados con el desarrollo de m\u00e9todos alternativos de comunicaci\u00f3n, como el uso de sistemas de intercambio de im\u00e1genes o dispositivos generadores de voz. Al centrarse en las necesidades espec\u00edficas del ni\u00f1o, los IEPs proporcionan una hoja de ruta para el \u00e9xito que es tanto individualizada como adaptable.<\/p>\t\t\t\t\t\t\t\t<\/div>\n\t\t\t\t<\/div>\n\t\t\t\t<div class=\"elementor-element elementor-element-1c879ed elementor-widget elementor-widget-heading\" data-id=\"1c879ed\" data-element_type=\"widget\" data-e-type=\"widget\" data-widget_type=\"heading.default\">\n\t\t\t\t<div class=\"elementor-widget-container\">\n\t\t\t\t\t<h4 class=\"elementor-heading-title elementor-size-default\">2.\tEntornos de Aprendizaje Sensibles al Aspecto Sensorial<\/h4>\t\t\t\t<\/div>\n\t\t\t\t<\/div>\n\t\t\t\t<div class=\"elementor-element elementor-element-477a56f elementor-widget elementor-widget-text-editor\" data-id=\"477a56f\" data-element_type=\"widget\" data-e-type=\"widget\" data-widget_type=\"text-editor.default\">\n\t\t\t\t<div class=\"elementor-widget-container\">\n\t\t\t\t\t\t\t\t\t<p>Muchos ni\u00f1os con autismo tienen sensibilidades aumentadas a los est\u00edmulos sensoriales, como luces brillantes, ruidos fuertes o ciertas texturas. Un aula tradicional puede ser abrumadora y distraer a estos ni\u00f1os, dificultando su capacidad para concentrarse y aprender. Crear un entorno de aprendizaje sensible al aspecto sensorial es un aspecto cr\u00edtico de la educaci\u00f3n personalizada.<br \/><br \/>Las aulas sensibles al aspecto sensorial est\u00e1n dise\u00f1adas teniendo en cuenta las necesidades de los ni\u00f1os con autismo. A menudo cuentan con iluminaci\u00f3n ajustable, insonorizaci\u00f3n y herramientas sensoriales como mantas pesadas o auriculares con cancelaci\u00f3n de ruido. Adem\u00e1s, estos entornos pueden incluir \u00e1reas tranquilas donde los ni\u00f1os pueden retirarse si se sienten sobreestimulados. Al reducir la sobrecarga sensorial, estas aulas crean un espacio de aprendizaje m\u00e1s c\u00f3modo y propicio para los ni\u00f1os con autismo.<\/p>\t\t\t\t\t\t\t\t<\/div>\n\t\t\t\t<\/div>\n\t\t\t\t<div class=\"elementor-element elementor-element-00141ff elementor-widget elementor-widget-image\" data-id=\"00141ff\" data-element_type=\"widget\" data-e-type=\"widget\" data-widget_type=\"image.default\">\n\t\t\t\t<div class=\"elementor-widget-container\">\n\t\t\t\t\t\t\t\t\t\t\t\t\t\t\t<img decoding=\"async\" width=\"800\" height=\"480\" src=\"https:\/\/donation2charity.com\/spanish\/wp-content\/uploads\/2024\/10\/tailored-education2.jpg\" class=\"attachment-large size-large wp-image-2659\" alt=\"Teacher with Student\" srcset=\"https:\/\/donation2charity.com\/spanish\/wp-content\/uploads\/2024\/10\/tailored-education2.jpg 1000w, https:\/\/donation2charity.com\/spanish\/wp-content\/uploads\/2024\/10\/tailored-education2-300x180.jpg 300w, https:\/\/donation2charity.com\/spanish\/wp-content\/uploads\/2024\/10\/tailored-education2-768x461.jpg 768w\" sizes=\"(max-width: 800px) 100vw, 800px\" \/>\t\t\t\t\t\t\t\t\t\t\t\t\t\t\t<\/div>\n\t\t\t\t<\/div>\n\t\t\t\t<div class=\"elementor-element elementor-element-3c78ead elementor-widget elementor-widget-heading\" data-id=\"3c78ead\" data-element_type=\"widget\" data-e-type=\"widget\" data-widget_type=\"heading.default\">\n\t\t\t\t<div class=\"elementor-widget-container\">\n\t\t\t\t\t<h4 class=\"elementor-heading-title elementor-size-default\">3.\tSoportes Visuales y Ense\u00f1anza Estructurada<\/h4>\t\t\t\t<\/div>\n\t\t\t\t<\/div>\n\t\t\t\t<div class=\"elementor-element elementor-element-3e70160 elementor-widget elementor-widget-text-editor\" data-id=\"3e70160\" data-element_type=\"widget\" data-e-type=\"widget\" data-widget_type=\"text-editor.default\">\n\t\t\t\t<div class=\"elementor-widget-container\">\n\t\t\t\t\t\t\t\t\t<p>Los ni\u00f1os con autismo a menudo se benefician de los soportes visuales y los m\u00e9todos de ense\u00f1anza estructurados, que proporcionan expectativas y rutinas claras. Los horarios visuales, por ejemplo, pueden ayudar a los ni\u00f1os a entender la secuencia de actividades a lo largo del d\u00eda, reduciendo la ansiedad y ayud\u00e1ndoles a hacer transiciones entre tareas de manera m\u00e1s fluida. Las tarjetas con im\u00e1genes, diagramas e instrucciones escritas tambi\u00e9n pueden mejorar la comprensi\u00f3n y la comunicaci\u00f3n.<\/p><p>Los m\u00e9todos de ense\u00f1anza estructurados, como el enfoque TEACCH (Tratamiento y Educaci\u00f3n de Ni\u00f1os con Autismo y Discapacidades Relacionadas con la Comunicaci\u00f3n), enfatizan el uso de ayudas visuales, rutinas predecibles e instrucci\u00f3n individualizada. Estos m\u00e9todos empoderan a los ni\u00f1os con autismo para aprender a su propio ritmo y de una manera que se alinee con su estilo de procesamiento cognitivo.<\/p>\t\t\t\t\t\t\t\t<\/div>\n\t\t\t\t<\/div>\n\t\t\t\t<div class=\"elementor-element elementor-element-a09c914 elementor-widget elementor-widget-heading\" data-id=\"a09c914\" data-element_type=\"widget\" data-e-type=\"widget\" data-widget_type=\"heading.default\">\n\t\t\t\t<div class=\"elementor-widget-container\">\n\t\t\t\t\t<h4 class=\"elementor-heading-title elementor-size-default\">4.\tIncorporando Intereses Especiales<\/h4>\t\t\t\t<\/div>\n\t\t\t\t<\/div>\n\t\t\t\t<div class=\"elementor-element elementor-element-acd6cc6 elementor-widget elementor-widget-text-editor\" data-id=\"acd6cc6\" data-element_type=\"widget\" data-e-type=\"widget\" data-widget_type=\"text-editor.default\">\n\t\t\t\t<div class=\"elementor-widget-container\">\n\t\t\t\t\t\t\t\t\t<p>Los ni\u00f1os con autismo a menudo tienen intereses intensos en temas o actividades espec\u00edficas, a veces llamados &#8220;intereses especiales&#8221;. Incorporar estos intereses en el proceso de aprendizaje puede ser altamente motivador y atractivo para estos ni\u00f1os. Por ejemplo, un ni\u00f1o que ama los trenes podr\u00eda aprender matem\u00e1ticas a trav\u00e9s de problemas relacionados con trenes o desarrollar habilidades de lectura explorando libros sobre locomotoras.<\/p><p>Al aprovechar estos intereses especiales, los educadores pueden hacer que el aprendizaje sea m\u00e1s relevante y agradable para los ni\u00f1os con autismo. Este enfoque no solo mejora el rendimiento acad\u00e9mico, sino que tambi\u00e9n ayuda a desarrollar la confianza y una actitud positiva hacia el aprendizaje.<\/p>\t\t\t\t\t\t\t\t<\/div>\n\t\t\t\t<\/div>\n\t\t\t\t<div class=\"elementor-element elementor-element-330cd7a elementor-widget elementor-widget-heading\" data-id=\"330cd7a\" data-element_type=\"widget\" data-e-type=\"widget\" data-widget_type=\"heading.default\">\n\t\t\t\t<div class=\"elementor-widget-container\">\n\t\t\t\t\t<h4 class=\"elementor-heading-title elementor-size-default\">5.\tEntrenamiento en Habilidades Sociales e Interacciones entre Iguales<\/h4>\t\t\t\t<\/div>\n\t\t\t\t<\/div>\n\t\t\t\t<div class=\"elementor-element elementor-element-2f31458 elementor-widget elementor-widget-text-editor\" data-id=\"2f31458\" data-element_type=\"widget\" data-e-type=\"widget\" data-widget_type=\"text-editor.default\">\n\t\t\t\t<div class=\"elementor-widget-container\">\n\t\t\t\t\t\t\t\t\t<p>La interacci\u00f3n social puede ser un desaf\u00edo significativo para los ni\u00f1os con autismo, pero tambi\u00e9n es un \u00e1rea esencial de desarrollo. La educaci\u00f3n personalizada incluye entrenamiento en habilidades sociales dirigido, que puede ayudar a los ni\u00f1os con autismo a aprender a navegar en situaciones sociales, entender las se\u00f1ales sociales y construir relaciones significativas.<\/p><p>El entrenamiento en habilidades sociales a menudo implica juegos de rol, modelado e instrucci\u00f3n directa en \u00e1reas como mantener el contacto visual, tomar turnos en una conversaci\u00f3n y entender el lenguaje corporal. Adem\u00e1s, crear oportunidades para interacciones entre iguales, como sistemas de compa\u00f1eros o actividades en peque\u00f1os grupos, puede proporcionar a los ni\u00f1os con autismo la pr\u00e1ctica que necesitan para desarrollar competencia social en un entorno de apoyo.<\/p>\t\t\t\t\t\t\t\t<\/div>\n\t\t\t\t<\/div>\n\t\t\t\t<div class=\"elementor-element elementor-element-c1b3a19 elementor-widget elementor-widget-image\" data-id=\"c1b3a19\" data-element_type=\"widget\" data-e-type=\"widget\" data-widget_type=\"image.default\">\n\t\t\t\t<div class=\"elementor-widget-container\">\n\t\t\t\t\t\t\t\t\t\t\t\t\t\t\t<img loading=\"lazy\" decoding=\"async\" width=\"800\" height=\"480\" src=\"https:\/\/donation2charity.com\/spanish\/wp-content\/uploads\/2024\/10\/tailored-education5.jpg\" class=\"attachment-large size-large wp-image-2663\" alt=\"Teacher with Students\" srcset=\"https:\/\/donation2charity.com\/spanish\/wp-content\/uploads\/2024\/10\/tailored-education5.jpg 1000w, https:\/\/donation2charity.com\/spanish\/wp-content\/uploads\/2024\/10\/tailored-education5-300x180.jpg 300w, https:\/\/donation2charity.com\/spanish\/wp-content\/uploads\/2024\/10\/tailored-education5-768x461.jpg 768w\" sizes=\"(max-width: 800px) 100vw, 800px\" \/>\t\t\t\t\t\t\t\t\t\t\t\t\t\t\t<\/div>\n\t\t\t\t<\/div>\n\t\t\t\t<div class=\"elementor-element elementor-element-0564ced elementor-widget elementor-widget-heading\" data-id=\"0564ced\" data-element_type=\"widget\" data-e-type=\"widget\" data-widget_type=\"heading.default\">\n\t\t\t\t<div class=\"elementor-widget-container\">\n\t\t\t\t\t<h2 class=\"elementor-heading-title elementor-size-default\">Los Beneficios de la Educaci\u00f3n Personalizada<\/h2>\t\t\t\t<\/div>\n\t\t\t\t<\/div>\n\t\t\t\t<div class=\"elementor-element elementor-element-105673a elementor-widget elementor-widget-text-editor\" data-id=\"105673a\" data-element_type=\"widget\" data-e-type=\"widget\" data-widget_type=\"text-editor.default\">\n\t\t\t\t<div class=\"elementor-widget-container\">\n\t\t\t\t\t\t\t\t\t<p>Los beneficios de las estrategias de aprendizaje personalizadas para los ni\u00f1os con autismo son profundos y de largo alcance. Al abordar las necesidades individuales de cada ni\u00f1o, la educaci\u00f3n personalizada puede:<\/p><ul><li>Mejorar el Logro Acad\u00e9mico: Los ni\u00f1os con autismo que reciben instrucci\u00f3n personalizada tienen m\u00e1s probabilidades de tener \u00e9xito acad\u00e9mico, ya que el contenido se presenta de una manera que pueden entender y con la que pueden interactuar.<\/li><li>Mejorar las Habilidades de Comunicaci\u00f3n: Las estrategias de educaci\u00f3n personalizada que se centran en m\u00e9todos alternativos de comunicaci\u00f3n pueden ayudar a los ni\u00f1os no verbales o m\u00ednimamente verbales a desarrollar la capacidad de expresarse, reduciendo la frustraci\u00f3n y mejorando las interacciones sociales.<\/li><li>Construir Autoestima y Confianza: Cuando los ni\u00f1os con autismo experimentan \u00e9xito en el aula, su autoestima y confianza crecen. Este refuerzo positivo los anima a asumir nuevos desaf\u00edos y continuar aprendiendo.<\/li><li>Fomentar la Independencia: La educaci\u00f3n personalizada ayuda a los ni\u00f1os con autismo a desarrollar las habilidades que necesitan para volverse m\u00e1s independientes, tanto dentro como fuera del aula. Esta independencia es crucial para su \u00e9xito a largo plazo y calidad de vida.<\/li><li>Promover la Inclusi\u00f3n Social: Al proporcionar entrenamiento en habilidades sociales y crear oportunidades para interacciones entre iguales, la educaci\u00f3n personalizada ayuda a los ni\u00f1os con autismo a integrarse socialmente, reduciendo el riesgo de aislamiento y promoviendo un sentido de pertenencia.<\/li><\/ul>\t\t\t\t\t\t\t\t<\/div>\n\t\t\t\t<\/div>\n\t\t\t\t<div class=\"elementor-element elementor-element-d60de69 elementor-widget elementor-widget-image\" data-id=\"d60de69\" data-element_type=\"widget\" data-e-type=\"widget\" data-widget_type=\"image.default\">\n\t\t\t\t<div class=\"elementor-widget-container\">\n\t\t\t\t\t\t\t\t\t\t\t\t\t\t\t<img loading=\"lazy\" decoding=\"async\" width=\"800\" height=\"480\" src=\"https:\/\/donation2charity.com\/spanish\/wp-content\/uploads\/2024\/10\/tailored-education3.jpg\" class=\"attachment-large size-large wp-image-2658\" alt=\"Teacher with Student\" srcset=\"https:\/\/donation2charity.com\/spanish\/wp-content\/uploads\/2024\/10\/tailored-education3.jpg 1000w, https:\/\/donation2charity.com\/spanish\/wp-content\/uploads\/2024\/10\/tailored-education3-300x180.jpg 300w, https:\/\/donation2charity.com\/spanish\/wp-content\/uploads\/2024\/10\/tailored-education3-768x461.jpg 768w\" sizes=\"(max-width: 800px) 100vw, 800px\" \/>\t\t\t\t\t\t\t\t\t\t\t\t\t\t\t<\/div>\n\t\t\t\t<\/div>\n\t\t\t\t<div class=\"elementor-element elementor-element-be5edc6 elementor-widget elementor-widget-heading\" data-id=\"be5edc6\" data-element_type=\"widget\" data-e-type=\"widget\" data-widget_type=\"heading.default\">\n\t\t\t\t<div class=\"elementor-widget-container\">\n\t\t\t\t\t<h2 class=\"elementor-heading-title elementor-size-default\">Conclusi\u00f3n<\/h2>\t\t\t\t<\/div>\n\t\t\t\t<\/div>\n\t\t\t\t<div class=\"elementor-element elementor-element-f78e973 elementor-widget elementor-widget-text-editor\" data-id=\"f78e973\" data-element_type=\"widget\" data-e-type=\"widget\" data-widget_type=\"text-editor.default\">\n\t\t\t\t<div class=\"elementor-widget-container\">\n\t\t\t\t\t\t\t\t\t<p>Cada ni\u00f1o con autismo tiene el potencial de prosperar, pero desbloquear ese potencial requiere un compromiso con la educaci\u00f3n personalizada. Las estrategias de aprendizaje personalizadas, el apoyo individualizado y una comprensi\u00f3n profunda de las necesidades \u00fanicas de cada ni\u00f1o pueden marcar la diferencia. Al crear un entorno educativo que responda a las diversas habilidades de los ni\u00f1os con autismo, los empoderamos para alcanzar su m\u00e1ximo potencial y llevar vidas plenas y exitosas.<\/p><p>Como padres, educadores y sociedad, es nuestra responsabilidad asegurar que cada ni\u00f1o con autismo tenga acceso a las herramientas y el apoyo que necesita para tener \u00e9xito. A trav\u00e9s de la educaci\u00f3n personalizada, podemos desbloquear el incre\u00edble potencial dentro de cada uno de estos ni\u00f1os, permiti\u00e9ndoles brillar de una manera \u00fanica.<\/p>\t\t\t\t\t\t\t\t<\/div>\n\t\t\t\t<\/div>\n\t\t\t\t<div class=\"elementor-element elementor-element-2d96bac elementor-widget-divider--view-line elementor-widget elementor-widget-divider\" data-id=\"2d96bac\" data-element_type=\"widget\" data-e-type=\"widget\" data-widget_type=\"divider.default\">\n\t\t\t\t<div class=\"elementor-widget-container\">\n\t\t\t\t\t\t\t<div class=\"elementor-divider\">\n\t\t\t<span class=\"elementor-divider-separator\">\n\t\t\t\t\t\t<\/span>\n\t\t<\/div>\n\t\t\t\t\t\t<\/div>\n\t\t\t\t<\/div>\n\t\t<div class=\"elementor-element elementor-element-4359a73 e-con-full e-flex e-con e-child\" data-id=\"4359a73\" data-element_type=\"container\" data-e-type=\"container\">\n\t\t\t\t<div class=\"elementor-element elementor-element-b4448fb elementor-widget elementor-widget-text-editor\" data-id=\"b4448fb\" data-element_type=\"widget\" data-e-type=\"widget\" data-widget_type=\"text-editor.default\">\n\t\t\t\t<div class=\"elementor-widget-container\">\n\t\t\t\t\t\t\t\t\t<h5>Por favor, considera donar tu auto, camioneta, SUV, Van, RV, o barco a una de nuestras organizaciones ben\u00e9ficas.<br \/><br \/><strong>NOTA:<\/strong> Nuestros blogs han sido verificados; sin embargo, no podemos garantizar una precisi\u00f3n del 100%. Si encuentras alguna informaci\u00f3n incorrecta, por favor h\u00e1znoslo saber en los comentarios y eliminaremos o editaremos el contenido inexacto. \u00a1Gracias!<\/h5>\t\t\t\t\t\t\t\t<\/div>\n\t\t\t\t<\/div>\n\t\t\t\t<\/div>\n\t\t<div class=\"elementor-element elementor-element-6689c92 e-con-full e-flex e-con e-child\" data-id=\"6689c92\" data-element_type=\"container\" data-e-type=\"container\" data-settings=\"{&quot;background_background&quot;:&quot;classic&quot;}\">\n\t\t\t\t<div class=\"elementor-element elementor-element-0aaad3b elementor-widget elementor-widget-heading\" data-id=\"0aaad3b\" data-element_type=\"widget\" data-e-type=\"widget\" data-widget_type=\"heading.default\">\n\t\t\t\t<div class=\"elementor-widget-container\">\n\t\t\t\t\t<span class=\"elementor-heading-title elementor-size-default\">Compartir post :<\/span>\t\t\t\t<\/div>\n\t\t\t\t<\/div>\n\t\t\t\t<div class=\"elementor-element elementor-element-2365709 elementor-share-buttons--view-icon-text elementor-share-buttons--skin-gradient elementor-share-buttons--shape-square elementor-grid-0 elementor-share-buttons--color-official elementor-widget elementor-widget-share-buttons\" data-id=\"2365709\" data-element_type=\"widget\" data-e-type=\"widget\" data-widget_type=\"share-buttons.default\">\n\t\t\t\t<div class=\"elementor-widget-container\">\n\t\t\t\t\t\t\t<div class=\"elementor-grid\" role=\"list\">\n\t\t\t\t\t\t\t\t<div class=\"elementor-grid-item\" role=\"listitem\">\n\t\t\t\t\t\t<div class=\"elementor-share-btn elementor-share-btn_facebook\" role=\"button\" tabindex=\"0\" aria-label=\"Share on facebook\">\n\t\t\t\t\t\t\t\t\t\t\t\t\t\t\t<span class=\"elementor-share-btn__icon\">\n\t\t\t\t\t\t\t\t<i class=\"fab fa-facebook\" aria-hidden=\"true\"><\/i>\t\t\t\t\t\t\t<\/span>\n\t\t\t\t\t\t\t\t\t\t\t\t\t\t\t\t\t\t\t\t\t\t<div class=\"elementor-share-btn__text\">\n\t\t\t\t\t\t\t\t\t\t\t\t\t\t\t\t\t\t\t<span class=\"elementor-share-btn__title\">\n\t\t\t\t\t\t\t\t\t\tFacebook\t\t\t\t\t\t\t\t\t<\/span>\n\t\t\t\t\t\t\t\t\t\t\t\t\t\t\t\t\t<\/div>\n\t\t\t\t\t\t\t\t\t\t\t\t\t<\/div>\n\t\t\t\t\t<\/div>\n\t\t\t\t\t\t\t\t\t<div class=\"elementor-grid-item\" role=\"listitem\">\n\t\t\t\t\t\t<div class=\"elementor-share-btn elementor-share-btn_x-twitter\" role=\"button\" tabindex=\"0\" aria-label=\"Share on x-twitter\">\n\t\t\t\t\t\t\t\t\t\t\t\t\t\t\t<span class=\"elementor-share-btn__icon\">\n\t\t\t\t\t\t\t\t<i class=\"fab fa-x-twitter\" aria-hidden=\"true\"><\/i>\t\t\t\t\t\t\t<\/span>\n\t\t\t\t\t\t\t\t\t\t\t\t\t\t\t\t\t\t\t\t\t\t<div class=\"elementor-share-btn__text\">\n\t\t\t\t\t\t\t\t\t\t\t\t\t\t\t\t\t\t\t<span class=\"elementor-share-btn__title\">\n\t\t\t\t\t\t\t\t\t\tX\t\t\t\t\t\t\t\t\t<\/span>\n\t\t\t\t\t\t\t\t\t\t\t\t\t\t\t\t\t<\/div>\n\t\t\t\t\t\t\t\t\t\t\t\t\t<\/div>\n\t\t\t\t\t<\/div>\n\t\t\t\t\t\t\t\t\t<div class=\"elementor-grid-item\" role=\"listitem\">\n\t\t\t\t\t\t<div class=\"elementor-share-btn elementor-share-btn_linkedin\" role=\"button\" tabindex=\"0\" aria-label=\"Share on linkedin\">\n\t\t\t\t\t\t\t\t\t\t\t\t\t\t\t<span class=\"elementor-share-btn__icon\">\n\t\t\t\t\t\t\t\t<i class=\"fab fa-linkedin\" aria-hidden=\"true\"><\/i>\t\t\t\t\t\t\t<\/span>\n\t\t\t\t\t\t\t\t\t\t\t\t\t\t\t\t\t\t\t\t\t\t<div class=\"elementor-share-btn__text\">\n\t\t\t\t\t\t\t\t\t\t\t\t\t\t\t\t\t\t\t<span class=\"elementor-share-btn__title\">\n\t\t\t\t\t\t\t\t\t\tLinkedIn\t\t\t\t\t\t\t\t\t<\/span>\n\t\t\t\t\t\t\t\t\t\t\t\t\t\t\t\t\t<\/div>\n\t\t\t\t\t\t\t\t\t\t\t\t\t<\/div>\n\t\t\t\t\t<\/div>\n\t\t\t\t\t\t\t\t\t<div class=\"elementor-grid-item\" role=\"listitem\">\n\t\t\t\t\t\t<div class=\"elementor-share-btn elementor-share-btn_pinterest\" role=\"button\" tabindex=\"0\" aria-label=\"Share on pinterest\">\n\t\t\t\t\t\t\t\t\t\t\t\t\t\t\t<span class=\"elementor-share-btn__icon\">\n\t\t\t\t\t\t\t\t<i class=\"fab fa-pinterest\" aria-hidden=\"true\"><\/i>\t\t\t\t\t\t\t<\/span>\n\t\t\t\t\t\t\t\t\t\t\t\t\t\t\t\t\t\t\t\t\t\t<div class=\"elementor-share-btn__text\">\n\t\t\t\t\t\t\t\t\t\t\t\t\t\t\t\t\t\t\t<span class=\"elementor-share-btn__title\">\n\t\t\t\t\t\t\t\t\t\tPinterest\t\t\t\t\t\t\t\t\t<\/span>\n\t\t\t\t\t\t\t\t\t\t\t\t\t\t\t\t\t<\/div>\n\t\t\t\t\t\t\t\t\t\t\t\t\t<\/div>\n\t\t\t\t\t<\/div>\n\t\t\t\t\t\t<\/div>\n\t\t\t\t\t\t<\/div>\n\t\t\t\t<\/div>\n\t\t\t\t<\/div>\n\t\t\t\t<\/div>\n\t\t<div class=\"elementor-element elementor-element-cb7149c e-con-full e-flex e-con e-child\" data-id=\"cb7149c\" data-element_type=\"container\" data-e-type=\"container\">\n\t\t\t\t<div class=\"elementor-element elementor-element-a987de8 elementor-widget elementor-widget-heading\" data-id=\"a987de8\" data-element_type=\"widget\" data-e-type=\"widget\" data-widget_type=\"heading.default\">\n\t\t\t\t<div class=\"elementor-widget-container\">\n\t\t\t\t\t<h4 class=\"elementor-heading-title elementor-size-default\">Mensajes Recientes<\/h4>\t\t\t\t<\/div>\n\t\t\t\t<\/div>\n\t\t\t\t<div class=\"elementor-element elementor-element-8ccf021 elementor-grid-1 elementor-grid-tablet-2 elementor-grid-mobile-1 elementor-posts--thumbnail-top elementor-card-shadow-yes elementor-posts__hover-gradient elementor-widget elementor-widget-posts\" data-id=\"8ccf021\" data-element_type=\"widget\" data-e-type=\"widget\" data-settings=\"{&quot;cards_columns&quot;:&quot;1&quot;,&quot;cards_columns_tablet&quot;:&quot;2&quot;,&quot;cards_columns_mobile&quot;:&quot;1&quot;,&quot;cards_row_gap&quot;:{&quot;unit&quot;:&quot;px&quot;,&quot;size&quot;:35,&quot;sizes&quot;:[]},&quot;cards_row_gap_tablet&quot;:{&quot;unit&quot;:&quot;px&quot;,&quot;size&quot;:&quot;&quot;,&quot;sizes&quot;:[]},&quot;cards_row_gap_mobile&quot;:{&quot;unit&quot;:&quot;px&quot;,&quot;size&quot;:&quot;&quot;,&quot;sizes&quot;:[]}}\" data-widget_type=\"posts.cards\">\n\t\t\t\t<div class=\"elementor-widget-container\">\n\t\t\t\t\t\t\t<div class=\"elementor-posts-container elementor-posts elementor-posts--skin-cards elementor-grid\" role=\"list\">\n\t\t\t\t<article class=\"elementor-post elementor-grid-item post-2675 post type-post status-publish format-standard hentry category-blog\" role=\"listitem\">\n\t\t\t<div class=\"elementor-post__card\">\n\t\t\t\t<div class=\"elementor-post__text\">\n\t\t\t\t<h3 class=\"elementor-post__title\">\n\t\t\t<a href=\"https:\/\/donation2charity.com\/spanish\/cambios-simples-en-el-estilo-de-vida-para-reducir-el-riesgo-de-cancer-de-mama\/\" >\n\t\t\t\tCambios Simples en el Estilo de Vida para Reducir el Riesgo de C\u00e1ncer de Mama\t\t\t<\/a>\n\t\t<\/h3>\n\t\t\n\t\t<a class=\"elementor-post__read-more\" href=\"https:\/\/donation2charity.com\/spanish\/cambios-simples-en-el-estilo-de-vida-para-reducir-el-riesgo-de-cancer-de-mama\/\" aria-label=\"Read more about Cambios Simples en el Estilo de Vida para Reducir el Riesgo de C\u00e1ncer de Mama\" tabindex=\"-1\" >\n\t\t\tRead More \u00bb\t\t<\/a>\n\n\t\t\t\t<\/div>\n\t\t\t\t\t<\/div>\n\t\t<\/article>\n\t\t\t\t<article class=\"elementor-post elementor-grid-item post-2655 post type-post status-publish format-standard has-post-thumbnail hentry category-blog\" role=\"listitem\">\n\t\t\t<div class=\"elementor-post__card\">\n\t\t\t\t<a class=\"elementor-post__thumbnail__link\" href=\"https:\/\/donation2charity.com\/spanish\/como-la-educacion-personalizada-empodera-a-los-ninos-con-autismo-para-prosperar\/\" tabindex=\"-1\" ><div class=\"elementor-post__thumbnail\"><img loading=\"lazy\" decoding=\"async\" width=\"300\" height=\"133\" src=\"https:\/\/donation2charity.com\/spanish\/wp-content\/uploads\/2024\/10\/tailored-education1-300x133.jpg\" class=\"attachment-medium size-medium wp-image-2660\" alt=\"Classroom Table with an Apple on Top\" srcset=\"https:\/\/donation2charity.com\/spanish\/wp-content\/uploads\/2024\/10\/tailored-education1-300x133.jpg 300w, https:\/\/donation2charity.com\/spanish\/wp-content\/uploads\/2024\/10\/tailored-education1-1024x455.jpg 1024w, https:\/\/donation2charity.com\/spanish\/wp-content\/uploads\/2024\/10\/tailored-education1-768x341.jpg 768w, https:\/\/donation2charity.com\/spanish\/wp-content\/uploads\/2024\/10\/tailored-education1-1536x683.jpg 1536w, https:\/\/donation2charity.com\/spanish\/wp-content\/uploads\/2024\/10\/tailored-education1.jpg 1800w\" sizes=\"(max-width: 300px) 100vw, 300px\" \/><\/div><\/a>\n\t\t\t\t<div class=\"elementor-post__badge\">Blog<\/div>\n\t\t\t\t<div class=\"elementor-post__text\">\n\t\t\t\t<h3 class=\"elementor-post__title\">\n\t\t\t<a href=\"https:\/\/donation2charity.com\/spanish\/como-la-educacion-personalizada-empodera-a-los-ninos-con-autismo-para-prosperar\/\" >\n\t\t\t\tC\u00f3mo la Educaci\u00f3n Personalizada Empodera a los Ni\u00f1os con Autismo para Prosperar\t\t\t<\/a>\n\t\t<\/h3>\n\t\t\n\t\t<a class=\"elementor-post__read-more\" href=\"https:\/\/donation2charity.com\/spanish\/como-la-educacion-personalizada-empodera-a-los-ninos-con-autismo-para-prosperar\/\" aria-label=\"Read more about C\u00f3mo la Educaci\u00f3n Personalizada Empodera a los Ni\u00f1os con Autismo para Prosperar\" tabindex=\"-1\" >\n\t\t\tRead More \u00bb\t\t<\/a>\n\n\t\t\t\t<\/div>\n\t\t\t\t\t<\/div>\n\t\t<\/article>\n\t\t\t\t<article class=\"elementor-post elementor-grid-item post-2636 post type-post status-publish format-standard has-post-thumbnail hentry category-blog\" role=\"listitem\">\n\t\t\t<div class=\"elementor-post__card\">\n\t\t\t\t<a class=\"elementor-post__thumbnail__link\" href=\"https:\/\/donation2charity.com\/spanish\/promoviendo-el-bienestar-de-las-mascotas-y-encontrando-hogares-permanentes\/\" tabindex=\"-1\" ><div class=\"elementor-post__thumbnail\"><img loading=\"lazy\" decoding=\"async\" width=\"300\" height=\"133\" src=\"https:\/\/donation2charity.com\/spanish\/wp-content\/uploads\/2024\/10\/animal-shelters1-300x133.jpg\" class=\"attachment-medium size-medium wp-image-2642\" alt=\"Human Hand and Dog Paw\" srcset=\"https:\/\/donation2charity.com\/spanish\/wp-content\/uploads\/2024\/10\/animal-shelters1-300x133.jpg 300w, https:\/\/donation2charity.com\/spanish\/wp-content\/uploads\/2024\/10\/animal-shelters1-1024x455.jpg 1024w, https:\/\/donation2charity.com\/spanish\/wp-content\/uploads\/2024\/10\/animal-shelters1-768x341.jpg 768w, https:\/\/donation2charity.com\/spanish\/wp-content\/uploads\/2024\/10\/animal-shelters1-1536x683.jpg 1536w, https:\/\/donation2charity.com\/spanish\/wp-content\/uploads\/2024\/10\/animal-shelters1.jpg 1800w\" sizes=\"(max-width: 300px) 100vw, 300px\" \/><\/div><\/a>\n\t\t\t\t<div class=\"elementor-post__badge\">Blog<\/div>\n\t\t\t\t<div class=\"elementor-post__text\">\n\t\t\t\t<h3 class=\"elementor-post__title\">\n\t\t\t<a href=\"https:\/\/donation2charity.com\/spanish\/promoviendo-el-bienestar-de-las-mascotas-y-encontrando-hogares-permanentes\/\" >\n\t\t\t\tPromoviendo el Bienestar de las Mascotas y Encontrando Hogares Permanentes\t\t\t<\/a>\n\t\t<\/h3>\n\t\t\n\t\t<a class=\"elementor-post__read-more\" href=\"https:\/\/donation2charity.com\/spanish\/promoviendo-el-bienestar-de-las-mascotas-y-encontrando-hogares-permanentes\/\" aria-label=\"Read more about Promoviendo el Bienestar de las Mascotas y Encontrando Hogares Permanentes\" tabindex=\"-1\" >\n\t\t\tRead More \u00bb\t\t<\/a>\n\n\t\t\t\t<\/div>\n\t\t\t\t\t<\/div>\n\t\t<\/article>\n\t\t\t\t<\/div>\n\t\t\n\t\t\t\t\t\t<\/div>\n\t\t\t\t<\/div>\n\t\t\t\t<div class=\"elementor-element elementor-element-7a26445 elementor-widget-divider--view-line elementor-widget elementor-widget-divider\" data-id=\"7a26445\" data-element_type=\"widget\" data-e-type=\"widget\" data-widget_type=\"divider.default\">\n\t\t\t\t<div class=\"elementor-widget-container\">\n\t\t\t\t\t\t\t<div class=\"elementor-divider\">\n\t\t\t<span class=\"elementor-divider-separator\">\n\t\t\t\t\t\t<\/span>\n\t\t<\/div>\n\t\t\t\t\t\t<\/div>\n\t\t\t\t<\/div>\n\t\t\t\t<div class=\"elementor-element elementor-element-e02de62 elementor-widget elementor-widget-text-editor\" data-id=\"e02de62\" data-element_type=\"widget\" data-e-type=\"widget\" data-widget_type=\"text-editor.default\">\n\t\t\t\t<div class=\"elementor-widget-container\">\n\t\t\t\t\t\t\t\t\t<small><em>Nota: Los art\u00edculos de nuestro blog han sido verificados; sin embargo, no podemos garantizar el 100% de precisi\u00f3n. Si encuentra informaci\u00f3n incorrecta, h\u00e1ganoslo saber en los comentarios y eliminaremos o editaremos el contenido inexacto. \u00a1Gracias!<\/em><\/small>\t\t\t\t\t\t\t\t<\/div>\n\t\t\t\t<\/div>\n\t\t\t\t<\/div>\n\t\t\t\t\t<\/div>\n\t\t\t\t<\/div>\n\t\t<div class=\"elementor-element elementor-element-774c480 e-flex e-con-boxed e-con e-parent\" data-id=\"774c480\" data-element_type=\"container\" data-e-type=\"container\">\n\t\t\t\t\t<div class=\"e-con-inner\">\n\t\t\t\t\t<\/div>\n\t\t\t\t<\/div>\n\t\t\t\t<\/div>\n\t\t","protected":false},"excerpt":{"rendered":"<p>Desbloqueando el Potencial C\u00f3mo la Educaci\u00f3n Personalizada Empodera a los Ni\u00f1os con Autismo para Prosperar Cada ni\u00f1o posee un conjunto \u00fanico de fortalezas, desaf\u00edos y potencial. Para los ni\u00f1os en<\/p>\n","protected":false},"author":1,"featured_media":2660,"comment_status":"open","ping_status":"open","sticky":false,"template":"","format":"standard","meta":{"_monsterinsights_skip_tracking":false,"_monsterinsights_sitenote_active":false,"_monsterinsights_sitenote_note":"","_monsterinsights_sitenote_category":0,"footnotes":""},"categories":[1],"tags":[],"class_list":["post-2655","post","type-post","status-publish","format-standard","has-post-thumbnail","hentry","category-blog"],"_links":{"self":[{"href":"https:\/\/donation2charity.com\/spanish\/wp-json\/wp\/v2\/posts\/2655","targetHints":{"allow":["GET"]}}],"collection":[{"href":"https:\/\/donation2charity.com\/spanish\/wp-json\/wp\/v2\/posts"}],"about":[{"href":"https:\/\/donation2charity.com\/spanish\/wp-json\/wp\/v2\/types\/post"}],"author":[{"embeddable":true,"href":"https:\/\/donation2charity.com\/spanish\/wp-json\/wp\/v2\/users\/1"}],"replies":[{"embeddable":true,"href":"https:\/\/donation2charity.com\/spanish\/wp-json\/wp\/v2\/comments?post=2655"}],"version-history":[{"count":10,"href":"https:\/\/donation2charity.com\/spanish\/wp-json\/wp\/v2\/posts\/2655\/revisions"}],"predecessor-version":[{"id":2673,"href":"https:\/\/donation2charity.com\/spanish\/wp-json\/wp\/v2\/posts\/2655\/revisions\/2673"}],"wp:featuredmedia":[{"embeddable":true,"href":"https:\/\/donation2charity.com\/spanish\/wp-json\/wp\/v2\/media\/2660"}],"wp:attachment":[{"href":"https:\/\/donation2charity.com\/spanish\/wp-json\/wp\/v2\/media?parent=2655"}],"wp:term":[{"taxonomy":"category","embeddable":true,"href":"https:\/\/donation2charity.com\/spanish\/wp-json\/wp\/v2\/categories?post=2655"},{"taxonomy":"post_tag","embeddable":true,"href":"https:\/\/donation2charity.com\/spanish\/wp-json\/wp\/v2\/tags?post=2655"}],"curies":[{"name":"wp","href":"https:\/\/api.w.org\/{rel}","templated":true}]}}